{"id":6759,"date":"2026-01-06T10:49:43","date_gmt":"2026-01-06T09:49:43","guid":{"rendered":"https:\/\/fsd.ch\/?p=6759"},"modified":"2026-02-18T09:57:51","modified_gmt":"2026-02-18T08:57:51","slug":"bekaempfung-von-blindgaengern-auf-mindanao","status":"publish","type":"post","link":"https:\/\/fsd.ch\/de\/bekaempfung-von-blindgaengern-auf-mindanao\/","title":{"rendered":"Mindanao: Neues Einsatzzentrum f\u00fcr schnelle Reaktionen bei Explosionsgefahren"},"content":{"rendered":"\n<p>Bis vor kurzem z\u00f6gerten viele Einwohner\u00b7innen aus Angst, Misstrauen oder aufgrund mangelnder Informationen, verd\u00e4chtige Funde zu melden. Daher blieben Munitionsreste oft monate- oder sogar jahrelang liegen und setzten die Bev\u00f6lkerung dem Risiko schwerer, teils t\u00f6dlicher Unf\u00e4lle aus.<\/p>\n\n\n\n<figure class=\"wp-block-image size-large\"><img wpfc-lazyload-disable=\"true\" decoding=\"async\" src=\"https:\/\/fsd.ch\/wp-content\/uploads\/2026\/02\/UXO-utilise-comme-sonnerie-decole-PH-2024-1024x576.jpg\" alt=\"\" class=\"wp-image-7853\"\/><figcaption class=\"wp-element-caption\">Ohne sich der Gefahr ihrer Handlungen bewusst zu sein, sammeln manche Menschen Blindg\u00e4nger und verwandeln sie in Alltagsgegenst\u00e4nde wie beispielsweise Schulglocken.&nbsp;<\/figcaption><\/figure>\n\n\n\n<p>Heute hat sich die Situation ver\u00e4ndert. Am 24. November 2025 wurde in Mindanao ein Einsatzzentrum eingeweiht, das der Koordination und Bew\u00e4ltigung explosiver Gefahren gewidmet ist. Das in Zusammenarbeit mit der FSD und den am Friedensprozess beteiligten Parteien eingerichtete Zentrum bringt die philippinische Polizei und die Streitkr\u00e4fte zusammen und erm\u00f6glicht nun eine schnelle, koordinierte und wirksame Reaktion auf jede Meldung.<\/p>\n\n\n\n<figure class=\"wp-block-image size-large\"><img wpfc-lazyload-disable=\"true\" decoding=\"async\" src=\"https:\/\/fsd.ch\/wp-content\/uploads\/2026\/02\/Le-personnel-est-informe-des-zones-dangereuses-PH-2025-1024x576.jpg\" alt=\"\" class=\"wp-image-7854\"\/><figcaption class=\"wp-element-caption\">\u00abBevor das Zentrum gegr\u00fcndet wurde, l\u00f6sten Blindg\u00e4ngerfunde l\u00e4hmende Angst aus und beeintr\u00e4chtigten die lokale Wirtschaft\u00bb, erkl\u00e4rt Cristian Miko Lim vom Koordinierungskomitee f\u00fcr die Einstellung der Feindseligkeiten.&nbsp;<\/figcaption><\/figure>\n\n\n\n<p>\u00abSeit das Einsatzzentrum voll einsatzf\u00e4hig ist, l\u00f6st jeder Hinweis auf einen m\u00f6glichen Sprengk\u00f6rper eine schnelle Reaktion innerhalb von 48 Stunden aus\u00bb, erkl\u00e4rt Polizeibeamtin Shahanie D. Die Informationen werden zentral erfasst, die Zust\u00e4ndigkeiten sind klar definiert und die Einsatzteams wissen genau, wie sie handeln m\u00fcssen, um Unf\u00e4lle zu verhindern. \u00abWenn wir einen Anruf zu einem Sprengk\u00f6rper erhalten, k\u00f6nnen wir sofort alle notwendigen Informationen zusammentragen und \u00fcber das Einsatzzentrum eine koordinierte Reaktion einleiten\u00bb, f\u00fcgt ihre Kollegin Edna L. hinzu.<\/p>\n\n\n\n<figure class=\"wp-block-image size-large\"><img wpfc-lazyload-disable=\"true\" decoding=\"async\" src=\"https:\/\/fsd.ch\/wp-content\/uploads\/2026\/02\/Formation-OPCEN-PH-2025-1024x576.jpg\" alt=\"\" class=\"wp-image-7857\"\/><figcaption class=\"wp-element-caption\">Die FSD f\u00fchrte f\u00fcr die Mitarbeitenden des Zentrums eine f\u00fcnft\u00e4gige Schulung durch und vermittelte dabei essentielles Wissen, um bei der Entdeckung von Sprengk\u00f6rpern schneller und sicherer reagieren zu k\u00f6nnen.<\/figcaption><\/figure>\n\n\n\n<p>Parallel dazu setzen die Teams der FSD ihre Sensibilisierungsbem\u00fchungen fort. Sie wollen den Einwohner\u00b7innen beibringen, gef\u00e4hrliche Objekte zu erkennen, sich vor ihnen zu sch\u00fctzen und verd\u00e4chtige Gegenst\u00e4nde dem Zentrum zu melden.<\/p>\n\n\n\n<p>\u00dcber die unmittelbare Risikominderung hinaus spielt die Er\u00f6ffnung des Zentrums eine Schl\u00fcsselrolle bei der Friedensf\u00f6rderung. Indem Akteure, die fr\u00fcher verfeindet waren, rund um ein gemeinsames Ziel \u2014 den Schutz der Bev\u00f6lkerung \u2014&nbsp;zusammenarbeiten, tr\u00e4gt das Einsatzzentrum dazu bei, Vertrauen zwischen den verschiedenen Konfliktparteien wiederherzustellen. Diese konkrete Zusammenarbeit, die im Friedensabkommen verankert ist, stellt einen wichtigen Schritt hin zu dauerhafter Sicherheit f\u00fcr die Gemeinschaften und zu einem Frieden dar, der Tag f\u00fcr Tag aufgebaut wird.<\/p>\n\n\n\n<div class=\"block last-posts-block\">\n    <h2 class=\"block--title\"><\/h2>\n            <a class=\"btn--secondary\" href=\"https:\/\/fsd.ch\/de\/aktuelles\">\n            Alles anzeigen            <svg xmlns=\"http:\/\/www.w3.org\/2000\/svg\" fill=\"none\" viewBox=\"0 0 25 25\">\n  <!-- <path fill=\"#FCFCFC\" d=\"M12.5-.000001c-3.31479 0-6.49516 1.316941-8.83985 3.660151C1.31696 6.00478-.00001 9.18521-.00001 12.5c.002867 3.3148 1.32185 6.4918 3.66504 8.835h-.00098C6.00724 23.6783 9.18521 24.9972 12.5 25l.3105-.0039c3.0989-.077 6.0603-1.3033 8.3067-3.4395l.2226-.2168c2.27-2.2713 3.5768-5.3269 3.6563-8.5293L25 12.5c0-3.31479-1.3169-6.49516-3.6602-8.83985C18.9952 1.31697 15.8148 0 12.5-.000001ZM24 12.5c0 3.0495-1.2115 5.9757-3.3672 8.1328l-.4131.3926c-2.1099 1.9094-4.86 2.9734-7.7187 2.9736-3.04964-.0025-5.97297-1.2151-8.12894-3.3711C2.21631 18.4722 1.00286 15.5494.99999 12.5l.01367-.5703c.13165-2.65275 1.17869-5.18002 2.96094-7.14943l.39258-.41309C6.52438 2.21146 9.45049.999998 12.5.999999 15.3591 1 18.1096 2.06504 20.2197 3.97461l.4131.39258C22.7885 6.52438 24 9.45049 24 12.5Z\"\/> -->\n  <path fill=\"#FCFCFC\" d=\"M13.5833 17.6046c.2393.0014.4686-.0946.6377-.2637l4.1846-4.1831c.3511-.3525.3511-.9244 0-1.2769l-4.2207-4.22225c-.1691-.17054-.3998-.26656-.6391-.26656-.2394 0-.4701.09602-.6378.26656-.3525.35255-.3525.92296 0 1.27694l2.7101 2.71011H7.23299c-.48441.02-.86847.4185-.86847.9028 0 .4859.38406.8843.86847.9043h8.32091l-2.614 2.6112c-.258.258-.3354.6464-.195.9846.1391.3368.4687.5574.8341.556h.0043Z\"\/>\n<\/svg>\n        <\/a>\n        <div class=\"last-posts-list\">\n                    <a class=\"last-posts-item\" href=\"https:\/\/fsd.ch\/de\/internationaler-tag-der-minenaufklaerung\/\">\n                                                           <div class=\"last-posts-item__thumbnail\">\n                                                            <img wpfc-lazyload-disable=\"true\" decoding=\"async\" src=\"https:\/\/fsd.ch\/wp-content\/uploads\/2026\/04\/Deminers-carrying-out-clearance-in-a-field-with-marking-Ukraine-2025-scaled.jpg\" srcset=\"https:\/\/fsd.ch\/wp-content\/uploads\/2026\/04\/Deminers-carrying-out-clearance-in-a-field-with-marking-Ukraine-2025-scaled.jpg 1x, https:\/\/fsd.ch\/wp-content\/uploads\/2026\/04\/Deminers-carrying-out-clearance-in-a-field-with-marking-Ukraine-2025-scaled.jpg 2x\" alt=\"\">\n                                                    <\/div>\n                                                    <div class=\"last-posts-item__content\">\n                    <h3 class=\"last-posts-item__title\">Internationaler Tag der Minenaufkl\u00e4rung und zur Unterst\u00fctzung von Minenr\u00e4umung &#8211; 4. April 2026\u00a0<\/h3>\n                    <p class=\"last-posts-item__excerpt\">PDF vollst\u00e4ndige gemeinsame Stellungnahme (M\u00e4rz 2026) In Frieden investieren, in&nbsp;Minenr\u00e4umung investieren&nbsp; Genf,&nbsp;30.&nbsp;M\u00e4rz&nbsp;2026&nbsp; Am 4. April begeht die Welt den Internationalen&#8230;<\/p>\n                                            <p class=\"last-posts-item__categories\">\n                                                            <span>Minen und explosive Kampfmittelr\u00fcckst\u00e4nde<\/span>\n                                                            <span>Humanit\u00e4re Minenr\u00e4umung<\/span>\n                                                                                <\/p>\n                                    <\/div>\n            <\/a>\n                    <a class=\"last-posts-item\" href=\"https:\/\/fsd.ch\/de\/aktuelles-aus-der-ukraine\/\">\n                                                           <div class=\"last-posts-item__thumbnail\">\n                                                            <img wpfc-lazyload-disable=\"true\" decoding=\"async\" src=\"https:\/\/fsd.ch\/wp-content\/uploads\/2026\/01\/FSD-Ukraine-Risk-education-session-in-Kyiv-March-2025-scaled.jpg\" srcset=\"https:\/\/fsd.ch\/wp-content\/uploads\/2026\/01\/FSD-Ukraine-Risk-education-session-in-Kyiv-March-2025-scaled.jpg 1x, https:\/\/fsd.ch\/wp-content\/uploads\/2026\/01\/FSD-Ukraine-Risk-education-session-in-Kyiv-March-2025-scaled.jpg 2x\" alt=\"\">\n                                                    <\/div>\n                                                    <div class=\"last-posts-item__content\">\n                    <h3 class=\"last-posts-item__title\">Unser Minenr\u00e4umprogramm in der Ukraine<\/h3>\n                    <p class=\"last-posts-item__excerpt\">vollst\u00e4ndige PDF-Broch\u00fcre Ukraine (M\u00e4rz 2026) Unsere laufenden Projekte \u2013 M\u00e4rz 2026 Seit M\u00e4rz 2026 sind \u00fcber 450 Mitarbeitende der FSD&#8230;<\/p>\n                                            <p class=\"last-posts-item__categories\">\n                                                            <span>Humanit\u00e4re Minenr\u00e4umung<\/span>\n                                                                                        <span>Ukraine<\/span>\n                                                    <\/p>\n                                    <\/div>\n            <\/a>\n                    <a class=\"last-posts-item\" href=\"https:\/\/fsd.ch\/de\/experte-minenraeumung-ukraine-olivier-shu\/\">\n                                                           <div class=\"last-posts-item__thumbnail\">\n                                                            <img wpfc-lazyload-disable=\"true\" decoding=\"async\" src=\"https:\/\/fsd.ch\/wp-content\/uploads\/2026\/02\/Mine-danger-sign-Ukraine-2025-scaled.jpg\" srcset=\"https:\/\/fsd.ch\/wp-content\/uploads\/2026\/02\/Mine-danger-sign-Ukraine-2025-scaled.jpg 1x, https:\/\/fsd.ch\/wp-content\/uploads\/2026\/02\/Mine-danger-sign-Ukraine-2025-scaled.jpg 2x\" alt=\"\">\n                                                    <\/div>\n                                                    <div class=\"last-posts-item__content\">\n                    <h3 class=\"last-posts-item__title\">Interview mit Olivier Shu \u2013 La Ligne de c\u0153ur (RTS La Premi\u00e8re)<\/h3>\n                    <p class=\"last-posts-item__excerpt\">\u25b6\ufe0f\u00a0Interview anh\u00f6ren \u00a9 Interview ausgestrahlt auf RTS La Premi\u00e8re, in der Sendung\u00a0La Ligne de c\u0153ur Ein paar Worte zu Olivier&#8230;<\/p>\n                                            <p class=\"last-posts-item__categories\">\n                                                            <span>Minen und explosive Kampfmittelr\u00fcckst\u00e4nde<\/span>\n                                                            <span>Maschinen, Drohnen und Technologien<\/span>\n                                                            <span>Humanit\u00e4re Minenr\u00e4umung<\/span>\n                                                                                <\/p>\n                                    <\/div>\n            <\/a>\n            <\/div>\n<\/div>\n\n\n\n<p><\/p>\n","protected":false},"excerpt":{"rendered":"<p>Bis vor kurzem z\u00f6gerten viele Einwohner\u00b7innen aus Angst, Misstrauen oder aufgrund mangelnder Informationen, verd\u00e4chtige Funde zu melden. Daher blieben Munitionsreste oft monate- oder sogar jahrelang liegen und setzten die Bev\u00f6lkerung dem Risiko schwerer, teils t\u00f6dlicher Unf\u00e4lle aus. Heute hat sich die Situation ver\u00e4ndert. Am 24. November 2025 wurde in Mindanao ein Einsatzzentrum eingeweiht, das der [&hellip;]<\/p>\n","protected":false},"author":2,"featured_media":7840,"comment_status":"closed","ping_status":"closed","sticky":false,"template":"","format":"standard","meta":{"_acf_changed":false,"footnotes":""},"categories":[113],"news_country_category":[136],"custom_post_format":[144],"class_list":["post-6759","post","type-post","status-publish","format-standard","has-post-thumbnail","hentry","category-humanitaere-minenraeumung","news_country_category-philippinen","custom_post_format-feldberichte"],"acf":[],"_links":{"self":[{"href":"https:\/\/fsd.ch\/de\/wp-json\/wp\/v2\/posts\/6759","targetHints":{"allow":["GET"]}}],"collection":[{"href":"https:\/\/fsd.ch\/de\/wp-json\/wp\/v2\/posts"}],"about":[{"href":"https:\/\/fsd.ch\/de\/wp-json\/wp\/v2\/types\/post"}],"author":[{"embeddable":true,"href":"https:\/\/fsd.ch\/de\/wp-json\/wp\/v2\/users\/2"}],"replies":[{"embeddable":true,"href":"https:\/\/fsd.ch\/de\/wp-json\/wp\/v2\/comments?post=6759"}],"version-history":[{"count":3,"href":"https:\/\/fsd.ch\/de\/wp-json\/wp\/v2\/posts\/6759\/revisions"}],"predecessor-version":[{"id":7994,"href":"https:\/\/fsd.ch\/de\/wp-json\/wp\/v2\/posts\/6759\/revisions\/7994"}],"wp:featuredmedia":[{"embeddable":true,"href":"https:\/\/fsd.ch\/de\/wp-json\/wp\/v2\/media\/7840"}],"wp:attachment":[{"href":"https:\/\/fsd.ch\/de\/wp-json\/wp\/v2\/media?parent=6759"}],"wp:term":[{"taxonomy":"category","embeddable":true,"href":"https:\/\/fsd.ch\/de\/wp-json\/wp\/v2\/categories?post=6759"},{"taxonomy":"news_country_category","embeddable":true,"href":"https:\/\/fsd.ch\/de\/wp-json\/wp\/v2\/news_country_category?post=6759"},{"taxonomy":"custom_post_format","embeddable":true,"href":"https:\/\/fsd.ch\/de\/wp-json\/wp\/v2\/custom_post_format?post=6759"}],"curies":[{"name":"wp","href":"https:\/\/api.w.org\/{rel}","templated":true}]}}