{"id":1158,"date":"2024-06-05T17:44:00","date_gmt":"2024-06-05T15:44:00","guid":{"rendered":"https:\/\/hawai.li\/fsd\/?p=1158"},"modified":"2025-11-11T11:22:18","modified_gmt":"2025-11-11T10:22:18","slug":"journee-mondiale-de-lenvironnement-restaurer-les-terres-pour-un-avenir-plus-sur","status":"publish","type":"post","link":"https:\/\/fsd.ch\/fr\/journee-mondiale-de-lenvironnement-restaurer-les-terres-pour-un-avenir-plus-sur\/","title":{"rendered":"Journ\u00e9e mondiale de l\u2019environnement: restaurer les terres pour un avenir plus s\u00fbr"},"content":{"rendered":"\n<p>Le d\u00e9minage humanitaire est essentiel pour d\u00e9barrasser les sols des contaminants li\u00e9s aux explosifs, et permettre la restauration des \u00e9cosyst\u00e8mes.&nbsp;<\/p>\n\n\n\n<p>Dans toutes ses op\u00e9rations de d\u00e9minage, la FSD veille \u00e0 limiter l\u2019empreinte environnementale de ses interventions. Le recours aux \u00e9nergies renouvelables, \u00e0 des m\u00e9thodes de d\u00e9minage respectueuses de la faune et de la flore&nbsp;et le travail en partenariat avec des expert\u00b7es environnementaux\u00b7ales constituent des priorit\u00e9s pour la FSD.&nbsp;<\/p>\n\n\n\n<figure class=\"wp-block-image size-large\"><img wpfc-lazyload-disable=\"true\" loading=\"lazy\" decoding=\"async\" width=\"1024\" height=\"819\" src=\"https:\/\/fsd.ch\/wp-content\/uploads\/2025\/08\/FSD-is-assisting-the-FAO-with-the-collection-of-soil-samples-in-Ukraine.jpeg-1024x819.webp\" alt=\"\" class=\"wp-image-1560\" srcset=\"https:\/\/fsd.ch\/wp-content\/uploads\/2025\/08\/FSD-is-assisting-the-FAO-with-the-collection-of-soil-samples-in-Ukraine.jpeg-1024x819.webp 1024w, https:\/\/fsd.ch\/wp-content\/uploads\/2025\/08\/FSD-is-assisting-the-FAO-with-the-collection-of-soil-samples-in-Ukraine.jpeg-300x240.webp 300w, https:\/\/fsd.ch\/wp-content\/uploads\/2025\/08\/FSD-is-assisting-the-FAO-with-the-collection-of-soil-samples-in-Ukraine.jpeg-768x615.webp 768w, https:\/\/fsd.ch\/wp-content\/uploads\/2025\/08\/FSD-is-assisting-the-FAO-with-the-collection-of-soil-samples-in-Ukraine.jpeg-1536x1229.webp 1536w, https:\/\/fsd.ch\/wp-content\/uploads\/2025\/08\/FSD-is-assisting-the-FAO-with-the-collection-of-soil-samples-in-Ukraine.jpeg-2048x1639.webp 2048w, https:\/\/fsd.ch\/wp-content\/uploads\/2025\/08\/FSD-is-assisting-the-FAO-with-the-collection-of-soil-samples-in-Ukraine.jpeg.webp 828w\" sizes=\"auto, (max-width: 1024px) 100vw, 1024px\" \/><figcaption class=\"wp-element-caption\">En Ukraine, la FSD travaille avec l\u2019Organisation des Nations unies pour l\u2019alimentation et l\u2019agriculture (FAO) pour fournir des \u00e9chantillons de terre d\u00e9min\u00e9e pour analyse afin de mieux comprendre les impacts environnementaux de la contamination et les risques pour la sant\u00e9 des sols.<\/figcaption><\/figure>\n\n\n\n<p>Les pays o\u00f9 intervient la FSD figurent en outre&nbsp;souvent&nbsp;parmi les plus vuln\u00e9rables au changement climatique. C\u2019est le cas du&nbsp;Tadjikistan, o\u00f9 la FSD m\u00e8ne, en parall\u00e8le des op\u00e9rations de d\u00e9minage, des projets environnementaux pour soutenir la r\u00e9silience des&nbsp;communaut\u00e9s locales&nbsp;face \u00e0 la s\u00e9cheresse et au recul&nbsp;de la biodiversit\u00e9. Un projet de d\u00e9pollution des terres contamin\u00e9es par des pesticides organiques persistants (POP) y est \u00e9galement en cours depuis plusieurs ann\u00e9es.<\/p>\n\n\n\n<figure class=\"wp-block-image size-large\"><img wpfc-lazyload-disable=\"true\" loading=\"lazy\" decoding=\"async\" width=\"1024\" height=\"576\" src=\"https:\/\/fsd.ch\/wp-content\/uploads\/2025\/08\/FSDs-workers-just-finished-the-covering-of-pesticides-at-Vakhsh-Tajikistan-1024x576.jpg-1024x576.webp\" alt=\"\" class=\"wp-image-1559\" srcset=\"https:\/\/fsd.ch\/wp-content\/uploads\/2025\/08\/FSDs-workers-just-finished-the-covering-of-pesticides-at-Vakhsh-Tajikistan-1024x576.jpg.webp 1024w, https:\/\/fsd.ch\/wp-content\/uploads\/2025\/08\/FSDs-workers-just-finished-the-covering-of-pesticides-at-Vakhsh-Tajikistan-1024x576.jpg-300x168.webp 300w, https:\/\/fsd.ch\/wp-content\/uploads\/2025\/08\/FSDs-workers-just-finished-the-covering-of-pesticides-at-Vakhsh-Tajikistan-1024x576.jpg-768x432.webp 768w, https:\/\/fsd.ch\/wp-content\/uploads\/2025\/08\/FSDs-workers-just-finished-the-covering-of-pesticides-at-Vakhsh-Tajikistan-1024x576.jpg-1536x864.webp 1536w, https:\/\/fsd.ch\/wp-content\/uploads\/2025\/08\/FSDs-workers-just-finished-the-covering-of-pesticides-at-Vakhsh-Tajikistan-1024x576.jpg-2048x1152.webp 2048w\" sizes=\"auto, (max-width: 1024px) 100vw, 1024px\" \/><figcaption class=\"wp-element-caption\">Au Tadjikistan, la couche de sol contamin\u00e9e par les pesticides toxiques est retir\u00e9e et remplac\u00e9e par de la terre propre, contribuant ainsi \u00e0 la restauration des \u00e9cosyst\u00e8mes locaux.<\/figcaption><\/figure>\n\n\n\n<p>Parmi ces initiatives au Tadjikistan, la FSD met en \u0153uvre un projet de plantation d\u2019arbres dans les communaut\u00e9s marqu\u00e9es par la crise climatique afin d\u2019aider \u00e0 lutter contre l\u2019\u00e9rosion des sols et la d\u00e9sertification et \u00e0 soutenir la biodiversit\u00e9. Dans ces m\u00eames communaut\u00e9s, la&nbsp;FSD sensibilise les populations locales \u00e0 l\u2019agriculture durable et participe \u00e0 la construction de serres communautaires, permettant une meilleure utilisation des ressources.<\/p>\n\n\n\n<figure class=\"wp-block-image size-large\"><img wpfc-lazyload-disable=\"true\" loading=\"lazy\" decoding=\"async\" width=\"1024\" height=\"576\" src=\"https:\/\/fsd.ch\/wp-content\/uploads\/2025\/08\/Women-farmers-after-work-at-a-greenhouse-in-Oykamar-Tajikistan-1024x576.jpg-1024x576.webp\" alt=\"\" class=\"wp-image-1558\" srcset=\"https:\/\/fsd.ch\/wp-content\/uploads\/2025\/08\/Women-farmers-after-work-at-a-greenhouse-in-Oykamar-Tajikistan-1024x576.jpg.webp 1024w, https:\/\/fsd.ch\/wp-content\/uploads\/2025\/08\/Women-farmers-after-work-at-a-greenhouse-in-Oykamar-Tajikistan-1024x576.jpg-300x168.webp 300w, https:\/\/fsd.ch\/wp-content\/uploads\/2025\/08\/Women-farmers-after-work-at-a-greenhouse-in-Oykamar-Tajikistan-1024x576.jpg-768x432.webp 768w, https:\/\/fsd.ch\/wp-content\/uploads\/2025\/08\/Women-farmers-after-work-at-a-greenhouse-in-Oykamar-Tajikistan-1024x576.jpg-1536x864.webp 1536w, https:\/\/fsd.ch\/wp-content\/uploads\/2025\/08\/Women-farmers-after-work-at-a-greenhouse-in-Oykamar-Tajikistan-1024x576.jpg-2048x1152.webp 2048w\" sizes=\"auto, (max-width: 1024px) 100vw, 1024px\" \/><figcaption class=\"wp-element-caption\">En 2023, la FSD a mis \u00e0 disposition trois nouvelles serres dans des localit\u00e9s tadjikes particuli\u00e8rement affect\u00e9es par les chocs climatiques et l\u2019ins\u00e9curit\u00e9 alimentaire.<\/figcaption><\/figure>\n\n\n\n<p>La FSD veille \u00e9galement \u00e0 int\u00e9grer des perspectives de durabilit\u00e9 environnementale dans le cadre de ses activit\u00e9s d\u2019assistance aux victimes.&nbsp;En&nbsp;Colombie, des rescap\u00e9\u00b7es du conflit arm\u00e9&nbsp;ont \u00e9t\u00e9&nbsp;soutenu\u00b7es dans la mise en place de jardins potagers urbains, qui leur assurent une source de revenus stable et favorisent leur r\u00e9int\u00e9gration sociale.&nbsp;Ces jardins urbains utilisent des structures hydroponiques pour cultiver des l\u00e9gumes et des plantes aromatiques, encourageant une production raisonn\u00e9e&nbsp;et locale.<\/p>\n\n\n\n<figure class=\"wp-block-image size-large\"><img wpfc-lazyload-disable=\"true\" loading=\"lazy\" decoding=\"async\" width=\"1024\" height=\"683\" src=\"https:\/\/fsd.ch\/wp-content\/uploads\/2025\/08\/Mine-victim-assistance-programme-in-Colombia-1024x683.jpg-1024x683.webp\" alt=\"\" class=\"wp-image-1557\" srcset=\"https:\/\/fsd.ch\/wp-content\/uploads\/2025\/08\/Mine-victim-assistance-programme-in-Colombia-1024x683.jpg.webp 1024w, https:\/\/fsd.ch\/wp-content\/uploads\/2025\/08\/Mine-victim-assistance-programme-in-Colombia-1024x683.jpg-300x200.webp 300w, https:\/\/fsd.ch\/wp-content\/uploads\/2025\/08\/Mine-victim-assistance-programme-in-Colombia-1024x683.jpg-768x512.webp 768w, https:\/\/fsd.ch\/wp-content\/uploads\/2025\/08\/Mine-victim-assistance-programme-in-Colombia-1024x683.jpg-1536x1024.webp 1536w, https:\/\/fsd.ch\/wp-content\/uploads\/2025\/08\/Mine-victim-assistance-programme-in-Colombia-1024x683.jpg-2048x1366.webp 2048w\" sizes=\"auto, (max-width: 1024px) 100vw, 1024px\" \/><figcaption class=\"wp-element-caption\">Les structures hydroponiques sont directement install\u00e9es sur les balcons des b\u00e9n\u00e9ficiaires. En 2023, les potagers urbains de la FSD ont permis de soutenir 150 victimes du conflit en Colombie.<\/figcaption><\/figure>\n\n\n\n<p>La FSD \u0153uvre enfin au niveau institutionnel pour int\u00e9grer les priorit\u00e9s environnementales dans les programmes de d\u00e9minage internationaux, notamment en participant au groupe de travail&nbsp;<em>Environmental Issue and Mine Action<\/em>&nbsp;cr\u00e9\u00e9 en 2020.<\/p>\n\n\n\n<p>Un avenir plus s\u00fbr ne signifie pas seulement un avenir sans mines, mais aussi un avenir durable pour les g\u00e9n\u00e9rations futures.<\/p>\n\n\n\n<div class=\"block last-posts-block\">\n    <h2 class=\"block--title\"><\/h2>\n            <a class=\"btn--secondary\" href=\"https:\/\/fsd.ch\/fr\/actualites\">\n            Tout voir            <svg xmlns=\"http:\/\/www.w3.org\/2000\/svg\" fill=\"none\" viewBox=\"0 0 25 25\">\n  <!-- <path fill=\"#FCFCFC\" d=\"M12.5-.000001c-3.31479 0-6.49516 1.316941-8.83985 3.660151C1.31696 6.00478-.00001 9.18521-.00001 12.5c.002867 3.3148 1.32185 6.4918 3.66504 8.835h-.00098C6.00724 23.6783 9.18521 24.9972 12.5 25l.3105-.0039c3.0989-.077 6.0603-1.3033 8.3067-3.4395l.2226-.2168c2.27-2.2713 3.5768-5.3269 3.6563-8.5293L25 12.5c0-3.31479-1.3169-6.49516-3.6602-8.83985C18.9952 1.31697 15.8148 0 12.5-.000001ZM24 12.5c0 3.0495-1.2115 5.9757-3.3672 8.1328l-.4131.3926c-2.1099 1.9094-4.86 2.9734-7.7187 2.9736-3.04964-.0025-5.97297-1.2151-8.12894-3.3711C2.21631 18.4722 1.00286 15.5494.99999 12.5l.01367-.5703c.13165-2.65275 1.17869-5.18002 2.96094-7.14943l.39258-.41309C6.52438 2.21146 9.45049.999998 12.5.999999 15.3591 1 18.1096 2.06504 20.2197 3.97461l.4131.39258C22.7885 6.52438 24 9.45049 24 12.5Z\"\/> -->\n  <path fill=\"#FCFCFC\" d=\"M13.5833 17.6046c.2393.0014.4686-.0946.6377-.2637l4.1846-4.1831c.3511-.3525.3511-.9244 0-1.2769l-4.2207-4.22225c-.1691-.17054-.3998-.26656-.6391-.26656-.2394 0-.4701.09602-.6378.26656-.3525.35255-.3525.92296 0 1.27694l2.7101 2.71011H7.23299c-.48441.02-.86847.4185-.86847.9028 0 .4859.38406.8843.86847.9043h8.32091l-2.614 2.6112c-.258.258-.3354.6464-.195.9846.1391.3368.4687.5574.8341.556h.0043Z\"\/>\n<\/svg>\n        <\/a>\n        <div class=\"last-posts-list\">\n                    <a class=\"last-posts-item\" href=\"https:\/\/fsd.ch\/fr\/journee-internationale-de-sensibilisation-mines\/\">\n                                                           <div class=\"last-posts-item__thumbnail\">\n                                                            <img wpfc-lazyload-disable=\"true\" decoding=\"async\" src=\"https:\/\/fsd.ch\/wp-content\/uploads\/fly-images\/8868\/Deminers-carrying-out-clearance-in-a-field-with-marking-Ukraine-2025-scaled-380x260.webp\" srcset=\"https:\/\/fsd.ch\/wp-content\/uploads\/fly-images\/8868\/Deminers-carrying-out-clearance-in-a-field-with-marking-Ukraine-2025-scaled-380x260.webp 1x, https:\/\/fsd.ch\/wp-content\/uploads\/fly-images\/8868\/Deminers-carrying-out-clearance-in-a-field-with-marking-Ukraine-2025-scaled-760x520.webp 2x\" alt=\"\">\n                                                    <\/div>\n                                                    <div class=\"last-posts-item__content\">\n                    <h3 class=\"last-posts-item__title\">Journ\u00e9e internationale de la sensibilisation au probl\u00e8me des mines &#8211; 4 avril 2026<\/h3>\n                    <p class=\"last-posts-item__excerpt\">PDF d\u00e9claration conjointe compl\u00e8te (mars 2026) Investir dans la paix, investir dans la lutte antimines Gen\u00e8ve, le 31 mars 2026&#8230;<\/p>\n                                            <p class=\"last-posts-item__categories\">\n                                                            <span>Mines et restes explosifs<\/span>\n                                                            <span>D\u00e9minage humanitaire<\/span>\n                                                                                <\/p>\n                                    <\/div>\n            <\/a>\n                    <a class=\"last-posts-item\" href=\"https:\/\/fsd.ch\/fr\/fsd-ukraine-actualites\/\">\n                                                           <div class=\"last-posts-item__thumbnail\">\n                                                            <img wpfc-lazyload-disable=\"true\" decoding=\"async\" src=\"https:\/\/fsd.ch\/wp-content\/uploads\/fly-images\/6751\/FSD-Ukraine-Risk-education-session-in-Kyiv-March-2025-scaled-380x260.webp\" srcset=\"https:\/\/fsd.ch\/wp-content\/uploads\/fly-images\/6751\/FSD-Ukraine-Risk-education-session-in-Kyiv-March-2025-scaled-380x260.webp 1x, https:\/\/fsd.ch\/wp-content\/uploads\/fly-images\/6751\/FSD-Ukraine-Risk-education-session-in-Kyiv-March-2025-scaled-760x520.webp 2x\" alt=\"\">\n                                                    <\/div>\n                                                    <div class=\"last-posts-item__content\">\n                    <h3 class=\"last-posts-item__title\">Notre programme de lutte antimines en Ukraine<\/h3>\n                    <p class=\"last-posts-item__excerpt\">PDF brochure Ukraine compl\u00e8te (mars 2026) Nos op\u00e9rations en cours &#8211; mars 2026 En mars 2026, plus de 450 employ\u00e9\u00b7es&#8230;<\/p>\n                                            <p class=\"last-posts-item__categories\">\n                                                            <span>D\u00e9minage humanitaire<\/span>\n                                                                                        <span>Ukraine<\/span>\n                                                    <\/p>\n                                    <\/div>\n            <\/a>\n                    <a class=\"last-posts-item\" href=\"https:\/\/fsd.ch\/fr\/expert-deminage-ukraine-olivier-shu\/\">\n                                                           <div class=\"last-posts-item__thumbnail\">\n                                                            <img wpfc-lazyload-disable=\"true\" decoding=\"async\" src=\"https:\/\/fsd.ch\/wp-content\/uploads\/fly-images\/8222\/Mine-danger-sign-Ukraine-2025-scaled-380x260.webp\" srcset=\"https:\/\/fsd.ch\/wp-content\/uploads\/fly-images\/8222\/Mine-danger-sign-Ukraine-2025-scaled-380x260.webp 1x, https:\/\/fsd.ch\/wp-content\/uploads\/fly-images\/8222\/Mine-danger-sign-Ukraine-2025-scaled-760x520.webp 2x\" alt=\"\">\n                                                    <\/div>\n                                                    <div class=\"last-posts-item__content\">\n                    <h3 class=\"last-posts-item__title\">Interview d\u2019Olivier Shu \u2013 La Ligne de c\u0153ur (RTS La Premi\u00e8re)<\/h3>\n                    <p class=\"last-posts-item__excerpt\">\u25b6\ufe0f&nbsp;\u00c9couter l\u2019interview \u00a9 Interview diffus\u00e9e sur RTS La Premi\u00e8re, dans l\u2019\u00e9mission&nbsp;La Ligne de c\u0153ur Quelques mots sur Olivier Expert en&#8230;<\/p>\n                                            <p class=\"last-posts-item__categories\">\n                                                            <span>Mines et restes explosifs<\/span>\n                                                            <span>Machines, drones et technologies<\/span>\n                                                            <span>D\u00e9minage humanitaire<\/span>\n                                                                                <\/p>\n                                    <\/div>\n            <\/a>\n            <\/div>\n<\/div>\n","protected":false},"excerpt":{"rendered":"<p>Le d\u00e9minage humanitaire est essentiel pour d\u00e9barrasser les sols des contaminants li\u00e9s aux explosifs, et permettre la restauration des \u00e9cosyst\u00e8mes.&nbsp; Dans toutes ses op\u00e9rations de d\u00e9minage, la FSD veille \u00e0 limiter l\u2019empreinte environnementale de ses interventions. Le recours aux \u00e9nergies renouvelables, \u00e0 des m\u00e9thodes de d\u00e9minage respectueuses de la faune et de la flore&nbsp;et le [&hellip;]<\/p>\n","protected":false},"author":2,"featured_media":1561,"comment_status":"closed","ping_status":"closed","sticky":false,"template":"","format":"standard","meta":{"_acf_changed":false,"footnotes":""},"categories":[34,30],"news_country_category":[40,38,23],"custom_post_format":[27],"class_list":["post-1158","post","type-post","status-publish","format-standard","has-post-thumbnail","hentry","category-environnement","category-mines-et-restes-explosifs","news_country_category-colombie","news_country_category-tadjikistan","news_country_category-ukraine","custom_post_format-recits-du-terrain"],"acf":[],"_links":{"self":[{"href":"https:\/\/fsd.ch\/fr\/wp-json\/wp\/v2\/posts\/1158","targetHints":{"allow":["GET"]}}],"collection":[{"href":"https:\/\/fsd.ch\/fr\/wp-json\/wp\/v2\/posts"}],"about":[{"href":"https:\/\/fsd.ch\/fr\/wp-json\/wp\/v2\/types\/post"}],"author":[{"embeddable":true,"href":"https:\/\/fsd.ch\/fr\/wp-json\/wp\/v2\/users\/2"}],"replies":[{"embeddable":true,"href":"https:\/\/fsd.ch\/fr\/wp-json\/wp\/v2\/comments?post=1158"}],"version-history":[{"count":3,"href":"https:\/\/fsd.ch\/fr\/wp-json\/wp\/v2\/posts\/1158\/revisions"}],"predecessor-version":[{"id":3619,"href":"https:\/\/fsd.ch\/fr\/wp-json\/wp\/v2\/posts\/1158\/revisions\/3619"}],"wp:featuredmedia":[{"embeddable":true,"href":"https:\/\/fsd.ch\/fr\/wp-json\/wp\/v2\/media\/1561"}],"wp:attachment":[{"href":"https:\/\/fsd.ch\/fr\/wp-json\/wp\/v2\/media?parent=1158"}],"wp:term":[{"taxonomy":"category","embeddable":true,"href":"https:\/\/fsd.ch\/fr\/wp-json\/wp\/v2\/categories?post=1158"},{"taxonomy":"news_country_category","embeddable":true,"href":"https:\/\/fsd.ch\/fr\/wp-json\/wp\/v2\/news_country_category?post=1158"},{"taxonomy":"custom_post_format","embeddable":true,"href":"https:\/\/fsd.ch\/fr\/wp-json\/wp\/v2\/custom_post_format?post=1158"}],"curies":[{"name":"wp","href":"https:\/\/api.w.org\/{rel}","templated":true}]}}