{"id":6735,"date":"2026-01-06T10:49:43","date_gmt":"2026-01-06T09:49:43","guid":{"rendered":"https:\/\/fsd.ch\/?p=6735"},"modified":"2026-04-14T16:39:36","modified_gmt":"2026-04-14T14:39:36","slug":"lutter-contre-les-munitions-non-explosees-a-mindanao","status":"publish","type":"post","link":"https:\/\/fsd.ch\/fr\/lutter-contre-les-munitions-non-explosees-a-mindanao\/","title":{"rendered":"Mindanao: un nouveau Centre pour une r\u00e9ponse plus rapide face aux risques explosifs"},"content":{"rendered":"\n<p>Jusqu\u2019\u00e0 r\u00e9cemment, beaucoup d\u2019habitant\u00b7es h\u00e9sitaient \u00e0 signaler leur pr\u00e9sence, par peur, par m\u00e9fiance ou par manque d\u2019information. R\u00e9sultat: des munitions restaient sur place pendant des semaines, voire des mois, exposant les populations \u00e0 des accidents graves \u2014 parfois mortels.<\/p>\n\n\n\n<figure class=\"wp-block-image size-large\"><img wpfc-lazyload-disable=\"true\" loading=\"lazy\" decoding=\"async\" width=\"1024\" height=\"576\" src=\"https:\/\/fsd.ch\/wp-content\/uploads\/2026\/02\/UXO-utilise-comme-sonnerie-decole-PH-2024-1024x576.jpg\" alt=\"\" class=\"wp-image-7828\" srcset=\"https:\/\/fsd.ch\/wp-content\/uploads\/2026\/02\/UXO-utilise-comme-sonnerie-decole-PH-2024-1024x576.jpg 1024w, https:\/\/fsd.ch\/wp-content\/uploads\/2026\/02\/UXO-utilise-comme-sonnerie-decole-PH-2024-300x169.jpg 300w, https:\/\/fsd.ch\/wp-content\/uploads\/2026\/02\/UXO-utilise-comme-sonnerie-decole-PH-2024-768x432.jpg 768w, https:\/\/fsd.ch\/wp-content\/uploads\/2026\/02\/UXO-utilise-comme-sonnerie-decole-PH-2024-1536x864.jpg 1536w, https:\/\/fsd.ch\/wp-content\/uploads\/2026\/02\/UXO-utilise-comme-sonnerie-decole-PH-2024-2048x1152.jpg 2048w\" sizes=\"auto, (max-width: 1024px) 100vw, 1024px\" \/><figcaption class=\"wp-element-caption\">Sans mesurer le danger de leurs gestes, certaines personnes r\u00e9cup\u00e8rent des munitions non explos\u00e9es et les transforment en objets du quotidien, comme des cloches pour les \u00e9coles.&nbsp;<\/figcaption><\/figure>\n\n\n\n<p>Aujourd\u2019hui, la situation a chang\u00e9. Le 28&nbsp;novembre 2025, un Centre op\u00e9rationnel d\u00e9di\u00e9 \u00e0 la gestion et \u00e0 la r\u00e9ponse aux dangers explosifs a \u00e9t\u00e9 inaugur\u00e9 \u00e0 Mindanao. Cr\u00e9\u00e9 en collaboration avec la FSD et les parties engag\u00e9es dans le processus de paix, et r\u00e9unissant police et arm\u00e9e philippines, ce centre permet d\u00e9sormais une r\u00e9action rapide, coordonn\u00e9e et efficace face \u00e0 toute alerte.<\/p>\n\n\n\n<figure class=\"wp-block-image size-large\"><img wpfc-lazyload-disable=\"true\" loading=\"lazy\" decoding=\"async\" width=\"1024\" height=\"576\" src=\"https:\/\/fsd.ch\/wp-content\/uploads\/2026\/02\/Le-personnel-est-informe-des-zones-dangereuses-PH-2025-1024x576.jpg\" alt=\"\" class=\"wp-image-7827\" srcset=\"https:\/\/fsd.ch\/wp-content\/uploads\/2026\/02\/Le-personnel-est-informe-des-zones-dangereuses-PH-2025-1024x576.jpg 1024w, https:\/\/fsd.ch\/wp-content\/uploads\/2026\/02\/Le-personnel-est-informe-des-zones-dangereuses-PH-2025-300x169.jpg 300w, https:\/\/fsd.ch\/wp-content\/uploads\/2026\/02\/Le-personnel-est-informe-des-zones-dangereuses-PH-2025-768x432.jpg 768w, https:\/\/fsd.ch\/wp-content\/uploads\/2026\/02\/Le-personnel-est-informe-des-zones-dangereuses-PH-2025-1536x864.jpg 1536w, https:\/\/fsd.ch\/wp-content\/uploads\/2026\/02\/Le-personnel-est-informe-des-zones-dangereuses-PH-2025-2048x1152.jpg 2048w\" sizes=\"auto, (max-width: 1024px) 100vw, 1024px\" \/><figcaption class=\"wp-element-caption\">\u00ab\u00a0Avant l\u2019existence du Centre, la d\u00e9couverte de munitions non explos\u00e9es provoquait une peur paralysante et perturbait l\u2019\u00e9conomie locale\u00a0\u00bb, explique&nbsp;Cristian Miko Lim, du Comit\u00e9 de coordination pour la cessation des hostilit\u00e9s.&nbsp;<\/figcaption><\/figure>\n\n\n\n<p>\u00ab\u00a0Maintenant que le Centre est pleinement op\u00e9rationnel, tout appel concernant un explosif suspect d\u00e9clenche une intervention rapide dans un d\u00e9lai de 48 heures\u00a0\u00bb, explique l\u2019offici\u00e8re de police Shahanie D. Les informations sont centralis\u00e9es, les responsabilit\u00e9s clairement d\u00e9finies, et les \u00e9quipes savent exactement comment agir pour pr\u00e9venir les accidents. \u00ab\u00a0Lorsqu\u2019un appel concernant un engin explosif nous parvient, nous pouvons imm\u00e9diatement rassembler toutes les informations n\u00e9cessaires et coordonner la r\u00e9ponse depuis le Centre op\u00e9rationnel\u00a0\u00bb, ajoute sa coll\u00e8gue Edna L.<\/p>\n\n\n\n<figure class=\"wp-block-image size-large\"><img wpfc-lazyload-disable=\"true\" loading=\"lazy\" decoding=\"async\" width=\"1024\" height=\"576\" src=\"https:\/\/fsd.ch\/wp-content\/uploads\/2026\/02\/Formation-OPCEN-PH-2025-1024x576.jpg\" alt=\"\" class=\"wp-image-7826\" srcset=\"https:\/\/fsd.ch\/wp-content\/uploads\/2026\/02\/Formation-OPCEN-PH-2025-1024x576.jpg 1024w, https:\/\/fsd.ch\/wp-content\/uploads\/2026\/02\/Formation-OPCEN-PH-2025-300x169.jpg 300w, https:\/\/fsd.ch\/wp-content\/uploads\/2026\/02\/Formation-OPCEN-PH-2025-768x432.jpg 768w, https:\/\/fsd.ch\/wp-content\/uploads\/2026\/02\/Formation-OPCEN-PH-2025-1536x864.jpg 1536w, https:\/\/fsd.ch\/wp-content\/uploads\/2026\/02\/Formation-OPCEN-PH-2025-2048x1152.jpg 2048w\" sizes=\"auto, (max-width: 1024px) 100vw, 1024px\" \/><figcaption class=\"wp-element-caption\">La FSD a dispens\u00e9 une formation de cinq jours au personnel du Centre, leur fournissant des conseils essentiels pour leur permettre d&rsquo;agir plus rapidement et en toute s\u00e9curit\u00e9 en cas de d\u00e9couverte d&rsquo;engins explosifs.<\/figcaption><\/figure>\n\n\n\n<p>En parall\u00e8le,&nbsp;les \u00e9quipes de la FSD poursuivent leurs efforts de&nbsp;sensibilisation pour apprendre aux habitant\u00b7es \u00e0 reconna\u00eetre&nbsp;les engins dangereux, \u00e0 s&rsquo;en prot\u00e9ger, et encourager le signalement au Centre de tout engin suspect.<\/p>\n\n\n\n<p>Au-del\u00e0 de la r\u00e9duction imm\u00e9diate des risques, l\u2019ouverture de ce Centre&nbsp;joue un r\u00f4le cl\u00e9 dans la consolidation de la paix. En r\u00e9unissant autour d\u2019un objectif commun des acteurs autrefois oppos\u00e9s, il contribue \u00e0 r\u00e9tablir la confiance entre les diff\u00e9rentes parties au conflit. Cette coop\u00e9ration concr\u00e8te, ancr\u00e9e dans l\u2019accord de paix, constitue une \u00e9tape essentielle vers une s\u00e9curit\u00e9 durable pour les communaut\u00e9s et vers une paix qui se construit au quotidien.<\/p>\n\n\n\n<div class=\"block last-posts-block\">\n    <h2 class=\"block--title\"><\/h2>\n            <a class=\"btn--secondary\" href=\"https:\/\/fsd.ch\/fr\/actualites\">\n            Tout voir            <svg xmlns=\"http:\/\/www.w3.org\/2000\/svg\" fill=\"none\" viewBox=\"0 0 25 25\">\n  <!-- <path fill=\"#FCFCFC\" d=\"M12.5-.000001c-3.31479 0-6.49516 1.316941-8.83985 3.660151C1.31696 6.00478-.00001 9.18521-.00001 12.5c.002867 3.3148 1.32185 6.4918 3.66504 8.835h-.00098C6.00724 23.6783 9.18521 24.9972 12.5 25l.3105-.0039c3.0989-.077 6.0603-1.3033 8.3067-3.4395l.2226-.2168c2.27-2.2713 3.5768-5.3269 3.6563-8.5293L25 12.5c0-3.31479-1.3169-6.49516-3.6602-8.83985C18.9952 1.31697 15.8148 0 12.5-.000001ZM24 12.5c0 3.0495-1.2115 5.9757-3.3672 8.1328l-.4131.3926c-2.1099 1.9094-4.86 2.9734-7.7187 2.9736-3.04964-.0025-5.97297-1.2151-8.12894-3.3711C2.21631 18.4722 1.00286 15.5494.99999 12.5l.01367-.5703c.13165-2.65275 1.17869-5.18002 2.96094-7.14943l.39258-.41309C6.52438 2.21146 9.45049.999998 12.5.999999 15.3591 1 18.1096 2.06504 20.2197 3.97461l.4131.39258C22.7885 6.52438 24 9.45049 24 12.5Z\"\/> -->\n  <path fill=\"#FCFCFC\" d=\"M13.5833 17.6046c.2393.0014.4686-.0946.6377-.2637l4.1846-4.1831c.3511-.3525.3511-.9244 0-1.2769l-4.2207-4.22225c-.1691-.17054-.3998-.26656-.6391-.26656-.2394 0-.4701.09602-.6378.26656-.3525.35255-.3525.92296 0 1.27694l2.7101 2.71011H7.23299c-.48441.02-.86847.4185-.86847.9028 0 .4859.38406.8843.86847.9043h8.32091l-2.614 2.6112c-.258.258-.3354.6464-.195.9846.1391.3368.4687.5574.8341.556h.0043Z\"\/>\n<\/svg>\n        <\/a>\n        <div class=\"last-posts-list\">\n                    <a class=\"last-posts-item\" href=\"https:\/\/fsd.ch\/fr\/journee-internationale-de-sensibilisation-mines\/\">\n                                                           <div class=\"last-posts-item__thumbnail\">\n                                                            <img wpfc-lazyload-disable=\"true\" decoding=\"async\" src=\"https:\/\/fsd.ch\/wp-content\/uploads\/fly-images\/8868\/Deminers-carrying-out-clearance-in-a-field-with-marking-Ukraine-2025-scaled-380x260.webp\" srcset=\"https:\/\/fsd.ch\/wp-content\/uploads\/fly-images\/8868\/Deminers-carrying-out-clearance-in-a-field-with-marking-Ukraine-2025-scaled-380x260.webp 1x, https:\/\/fsd.ch\/wp-content\/uploads\/fly-images\/8868\/Deminers-carrying-out-clearance-in-a-field-with-marking-Ukraine-2025-scaled-760x520.webp 2x\" alt=\"\">\n                                                    <\/div>\n                                                    <div class=\"last-posts-item__content\">\n                    <h3 class=\"last-posts-item__title\">Journ\u00e9e internationale de la sensibilisation au probl\u00e8me des mines &#8211; 4 avril 2026<\/h3>\n                    <p class=\"last-posts-item__excerpt\">PDF d\u00e9claration conjointe compl\u00e8te (mars 2026) Investir dans la paix, investir dans la lutte antimines Gen\u00e8ve, le 31 mars 2026&#8230;<\/p>\n                                            <p class=\"last-posts-item__categories\">\n                                                            <span>Mines et restes explosifs<\/span>\n                                                            <span>D\u00e9minage humanitaire<\/span>\n                                                                                <\/p>\n                                    <\/div>\n            <\/a>\n                    <a class=\"last-posts-item\" href=\"https:\/\/fsd.ch\/fr\/fsd-ukraine-actualites\/\">\n                                                           <div class=\"last-posts-item__thumbnail\">\n                                                            <img wpfc-lazyload-disable=\"true\" decoding=\"async\" src=\"https:\/\/fsd.ch\/wp-content\/uploads\/fly-images\/6751\/FSD-Ukraine-Risk-education-session-in-Kyiv-March-2025-scaled-380x260.webp\" srcset=\"https:\/\/fsd.ch\/wp-content\/uploads\/fly-images\/6751\/FSD-Ukraine-Risk-education-session-in-Kyiv-March-2025-scaled-380x260.webp 1x, https:\/\/fsd.ch\/wp-content\/uploads\/fly-images\/6751\/FSD-Ukraine-Risk-education-session-in-Kyiv-March-2025-scaled-760x520.webp 2x\" alt=\"\">\n                                                    <\/div>\n                                                    <div class=\"last-posts-item__content\">\n                    <h3 class=\"last-posts-item__title\">Notre programme de lutte antimines en Ukraine<\/h3>\n                    <p class=\"last-posts-item__excerpt\">PDF brochure Ukraine compl\u00e8te (mars 2026) Nos op\u00e9rations en cours &#8211; mars 2026 En mars 2026, plus de 450 employ\u00e9\u00b7es&#8230;<\/p>\n                                            <p class=\"last-posts-item__categories\">\n                                                            <span>D\u00e9minage humanitaire<\/span>\n                                                                                        <span>Ukraine<\/span>\n                                                    <\/p>\n                                    <\/div>\n            <\/a>\n                    <a class=\"last-posts-item\" href=\"https:\/\/fsd.ch\/fr\/expert-deminage-ukraine-olivier-shu\/\">\n                                                           <div class=\"last-posts-item__thumbnail\">\n                                                            <img wpfc-lazyload-disable=\"true\" decoding=\"async\" src=\"https:\/\/fsd.ch\/wp-content\/uploads\/fly-images\/8222\/Mine-danger-sign-Ukraine-2025-scaled-380x260.webp\" srcset=\"https:\/\/fsd.ch\/wp-content\/uploads\/fly-images\/8222\/Mine-danger-sign-Ukraine-2025-scaled-380x260.webp 1x, https:\/\/fsd.ch\/wp-content\/uploads\/fly-images\/8222\/Mine-danger-sign-Ukraine-2025-scaled-760x520.webp 2x\" alt=\"\">\n                                                    <\/div>\n                                                    <div class=\"last-posts-item__content\">\n                    <h3 class=\"last-posts-item__title\">Interview d\u2019Olivier Shu \u2013 La Ligne de c\u0153ur (RTS La Premi\u00e8re)<\/h3>\n                    <p class=\"last-posts-item__excerpt\">\u25b6\ufe0f&nbsp;\u00c9couter l\u2019interview \u00a9 Interview diffus\u00e9e sur RTS La Premi\u00e8re, dans l\u2019\u00e9mission&nbsp;La Ligne de c\u0153ur Quelques mots sur Olivier Expert en&#8230;<\/p>\n                                            <p class=\"last-posts-item__categories\">\n                                                            <span>Mines et restes explosifs<\/span>\n                                                            <span>Machines, drones et technologies<\/span>\n                                                            <span>D\u00e9minage humanitaire<\/span>\n                                                                                <\/p>\n                                    <\/div>\n            <\/a>\n            <\/div>\n<\/div>\n","protected":false},"excerpt":{"rendered":"<p>Jusqu\u2019\u00e0 r\u00e9cemment, beaucoup d\u2019habitant\u00b7es h\u00e9sitaient \u00e0 signaler leur pr\u00e9sence, par peur, par m\u00e9fiance ou par manque d\u2019information. R\u00e9sultat: des munitions restaient sur place pendant des semaines, voire des mois, exposant les populations \u00e0 des accidents graves \u2014 parfois mortels. Aujourd\u2019hui, la situation a chang\u00e9. Le 28&nbsp;novembre 2025, un Centre op\u00e9rationnel d\u00e9di\u00e9 \u00e0 la gestion et [&hellip;]<\/p>\n","protected":false},"author":2,"featured_media":7825,"comment_status":"closed","ping_status":"closed","sticky":false,"template":"","format":"standard","meta":{"_acf_changed":false,"footnotes":""},"categories":[28],"news_country_category":[39],"custom_post_format":[27],"class_list":["post-6735","post","type-post","status-publish","format-standard","has-post-thumbnail","hentry","category-deminage-humanitaire","news_country_category-philippines","custom_post_format-recits-du-terrain"],"acf":[],"_links":{"self":[{"href":"https:\/\/fsd.ch\/fr\/wp-json\/wp\/v2\/posts\/6735","targetHints":{"allow":["GET"]}}],"collection":[{"href":"https:\/\/fsd.ch\/fr\/wp-json\/wp\/v2\/posts"}],"about":[{"href":"https:\/\/fsd.ch\/fr\/wp-json\/wp\/v2\/types\/post"}],"author":[{"embeddable":true,"href":"https:\/\/fsd.ch\/fr\/wp-json\/wp\/v2\/users\/2"}],"replies":[{"embeddable":true,"href":"https:\/\/fsd.ch\/fr\/wp-json\/wp\/v2\/comments?post=6735"}],"version-history":[{"count":2,"href":"https:\/\/fsd.ch\/fr\/wp-json\/wp\/v2\/posts\/6735\/revisions"}],"predecessor-version":[{"id":7830,"href":"https:\/\/fsd.ch\/fr\/wp-json\/wp\/v2\/posts\/6735\/revisions\/7830"}],"wp:featuredmedia":[{"embeddable":true,"href":"https:\/\/fsd.ch\/fr\/wp-json\/wp\/v2\/media\/7825"}],"wp:attachment":[{"href":"https:\/\/fsd.ch\/fr\/wp-json\/wp\/v2\/media?parent=6735"}],"wp:term":[{"taxonomy":"category","embeddable":true,"href":"https:\/\/fsd.ch\/fr\/wp-json\/wp\/v2\/categories?post=6735"},{"taxonomy":"news_country_category","embeddable":true,"href":"https:\/\/fsd.ch\/fr\/wp-json\/wp\/v2\/news_country_category?post=6735"},{"taxonomy":"custom_post_format","embeddable":true,"href":"https:\/\/fsd.ch\/fr\/wp-json\/wp\/v2\/custom_post_format?post=6735"}],"curies":[{"name":"wp","href":"https:\/\/api.w.org\/{rel}","templated":true}]}}